{"id":1333,"date":"2010-04-01T20:50:00","date_gmt":"2010-04-01T20:50:00","guid":{"rendered":"http:\/\/quantumholoforms.com\/kai\/2010\/04\/01\/cambios-y-reajustes-una-nueva-oleada-de-ascension\/"},"modified":"2020-02-24T01:13:18","modified_gmt":"2020-02-24T01:13:18","slug":"cambios-y-reajustes-una-nueva-oleada-de-ascension","status":"publish","type":"post","link":"https:\/\/quantumholoforms.com\/kai\/cambios-y-reajustes-una-nueva-oleada-de-ascension\/","title":{"rendered":"Cambios y reajustes, una nueva oleada de ascensi\u00f3n"},"content":{"rendered":"<p style=\"text-align: justify;\">\n<div style=\"text-align: justify;\"><span style=\"color: #ffffff;\"><span lang=\"ES-MX\"><span lang=\"ES-MX\">Cambios, movimientos. Movimientos y mas cambios es lo que estamos viviendo en estas ultimas semanas a nivel emocional, f\u00edsico y de conciencia. Estamos siendo impulsados a trav\u00e9s del universo, nos estamos moviendo como colectivo, como Planeta y como individuos hacia una percepci\u00f3n mucho mas elevada y mas clara del Ser. Pero todo ello implica liberar, soltar y aligerar la carga.<\/span><\/span>\u00a0<\/span><\/p>\n<\/div>\n<div style=\"text-align: justify;\"><span style=\"color: #ffffff;\"><span lang=\"ES-MX\"><span lang=\"ES-MX\">La tierra realmente se esta moviendo, viaja \u00a0a trav\u00e9s del universo como una nave de Luz, una merkaba colectiva.\u00a0 Viaja y se desplaza \u00a0a trav\u00e9s del espacio adentr\u00e1ndose a una zona de luz pura que nos esta transformando y renovando por completo.\u00a0 Nos estamos alineando a esas nuevas frecuencias por el simple hecho de estar vivos aqu\u00ed y ahora y recibir los rayos del SOL.\u00a0 Y a medida que recibimos oleadas de Amor y Luz todo aquello que no se equipara vibracionalmente con las nuevas frecuencias esta siendo purificado intensamente.<\/span><\/span>\u00a0<\/span><\/p>\n<\/div>\n<div style=\"text-align: justify;\"><span lang=\"ES-MX\" style=\"color: #ffffff;\">A nivel de conciencia esto lo estamos viviendo como un repentina transformaci\u00f3n muy profunda, a trav\u00e9s de la cual de pronto nos encontramos cuestion\u00e1ndonos a nosotros mismos. Reorientando nuestro trabajo de luz. Derrumbando todo aquello que hab\u00edamos cre\u00eddo y sostenido en nuestra conciencia, transform\u00e1ndolo y reemplaz\u00e1ndolo por informaci\u00f3n completamente nueva o, por actualizaciones y renovaciones a la informaci\u00f3n que ya conoc\u00edamos. Esto esta sucediendo ya mismo! <\/span><\/div>\n<div style=\"text-align: justify;\"><\/div>\n<div style=\"text-align: justify;\"><span style=\"color: #ffffff;\"><span lang=\"ES-MX\"><span lang=\"ES-MX\">Te has encontrado en estas ultimas semanas cuestionando todo aquello que crees y todo aquello que antes te mov\u00eda o dabas por sentado acerca de ti mismo y el universo?<\/span><\/span>\u00a0<\/span><\/p>\n<\/div>\n<div style=\"text-align: justify;\"><span style=\"color: #ffffff;\"><span lang=\"ES-MX\"><span lang=\"ES-MX\">Te has encontrado sinti\u00e9ndote inseguro de tus propias convicciones, certezas y visualizaciones?<\/span><\/span>\u00a0<\/span><\/p>\n<\/div>\n<div style=\"text-align: justify;\"><span style=\"color: #ffffff;\"><span lang=\"ES-MX\"><span lang=\"ES-MX\">De pronto sientes una imperiosa necesidad de alinear por completo tu vida hacia una vida mas simple o mas honesta contigo mismo?<\/span><\/span>\u00a0<\/span><\/p>\n<\/div>\n<div style=\"text-align: justify;\"><span style=\"color: #ffffff;\"><span lang=\"ES-MX\"><span lang=\"ES-MX\">Sientes el deseo de alinear el SER con el HACER, de modo que tu vida sea un reflejo autentico de tu esencia y de tus sentimientos mas puros, pero temes perder o desprenderte de otros aspectos de tu vida?<\/span><\/span>\u00a0<\/span><\/p>\n<\/div>\n<div style=\"text-align: justify;\"><span style=\"color: #ffffff;\"><span lang=\"ES-MX\"><span lang=\"ES-MX\">Sientes el impulso repentino de transformar tu alimentaci\u00f3n, beber mas agua y cuidar tu cuerpo, respet\u00e1ndolo\u00a0 y honr\u00e1ndolo, pero no te atreves completamente?<\/span><\/span>\u00a0<\/span><\/p>\n<\/div>\n<div style=\"text-align: justify;\"><span style=\"color: #ffffff;\"><span lang=\"ES-MX\"><span lang=\"ES-MX\">Sientes que ya no sabes que creer y con que resonar en esta \u00e9poca de tanta informaci\u00f3n, pero te obligas a ti mismo a leer solo porque la informaci\u00f3n proviene del autor al que siempre has le\u00eddo?<\/span><\/span>\u00a0<\/span><\/p>\n<\/div>\n<div style=\"text-align: justify;\"><span style=\"color: #ffffff;\"><span lang=\"ES-MX\"><span lang=\"ES-MX\">No te estas volviendo loco, solamente estas evolucionando. Y si estas sintiendo cualquiera de las se\u00f1ales anteriores, significa que algo en ti esta vibrando en la resistencia al cambio\u00a0 y tendr\u00e1s que hacer alg\u00fan tipo de ajuste para que puedas fluir en el oc\u00e9ano del despertar y la renovaci\u00f3n.<\/span><\/span>\u00a0<\/span><\/p>\n<\/div>\n<div style=\"text-align: justify;\"><span style=\"color: #ffffff;\"><span lang=\"ES-MX\"><span lang=\"ES-MX\">Habr\u00e1 quienes no sientan nada de lo anterior. Por el contrario, de pronto te encuentras a ti mismo teniendo percepciones mucho mas claras, y certezas que te llenan de un profundo estado de plenitud y gozo.<\/span><\/span>\u00a0<\/span><\/p>\n<\/div>\n<div style=\"text-align: justify;\"><span style=\"color: #ffffff;\"><span lang=\"ES-MX\"><span lang=\"ES-MX\">O quiz\u00e1 te encuentres descubriendo nueva informaci\u00f3n que te resuena y te hace sentir feliz.<\/span><\/span>\u00a0<\/span><\/p>\n<\/div>\n<div style=\"text-align: justify;\"><\/div>\n<div style=\"text-align: justify;\"><span style=\"color: #ffffff;\"><span lang=\"ES-MX\"><span lang=\"ES-MX\">Todo es parte del despertar, cada uno se esta moviendo a su ritmo. Es como si estuvi\u00e9ramos en una enorme pista de baile, todo somos impulsados por la misma m\u00fasica, sin embargo, cada uno elige bailar a su propia manera e incorporarse a la danza en el momento en que as\u00ed lo desea. Todo es apropiado. Solo fluye y mu\u00e9vete siguiendo el ritmo de tus propios pies.<\/span><\/span>\u00a0<\/span><\/p>\n<\/div>\n<div style=\"text-align: justify;\"><\/div>\n<div style=\"text-align: justify;\"><span style=\"color: #ffffff;\"><span lang=\"ES-MX\"><span lang=\"ES-MX\">Este nuevo espacio al que la tierra se esta adentrando contiene en si mismo las pulsaciones de la transparencia, la libertad, el amor, la inocencia, y nos impulsa a alinear nuestro Ser a estas frecuencias, de manera que todo aquello que no corresponde a estas frecuencias tendr\u00e1 que ser alineado por principio de resonancia. Hoy mas que nunca nuestro propio ser nos impulsa hacia la integridad, la pureza\u00a0 y la honestidad con nosotros mismos y nuestro coraz\u00f3n.<\/span><\/span>\u00a0<\/span><\/p>\n<\/div>\n<div style=\"text-align: justify;\"><span style=\"color: #ffffff;\"><span lang=\"ES-MX\"><span lang=\"ES-MX\">El Ser jam\u00e1s permanece en un mismo sitio, es necesario que comprendamos que seguiremos creciendo\u00a0 y evolucionando cada vez mas, de manera que toda la informaci\u00f3n esta siendo renovada y actualizada, lo que ayer nos funcionaba, puede ser que hoy no lo haga mas y eso es totalmente natural, eso es evoluci\u00f3n!<\/span><\/span>\u00a0<\/span><\/p>\n<\/div>\n<div style=\"text-align: justify;\"><span style=\"color: #ffffff;\"><span lang=\"ES-MX\"><span lang=\"ES-MX\">Lo mas importante es atravesar estos periodos de reajuste completamente centrados en nuestro coraz\u00f3n, de manera que nuestra mente no se interponga y nos impida ver con claridad que nos estamos renovando. En estos momentos es incluso natural que sintamos un poco de incertidumbre o que nos sintamos un poco perdidos, cuando eso suceda, debemos alinearnos a nuestro coraz\u00f3n, de manera que podamos elegir el siguiente paso a dar con la plena confianza en nuestro poder interior.<\/span><\/span>\u00a0<\/span><\/p>\n<\/div>\n<div style=\"text-align: justify;\"><span style=\"color: #ffffff;\"><span lang=\"ES-MX\">La \u00e9poca de los gur\u00fas, de los maestros, de los elegidos, esta llegando a su fin, es momento de que cada uno de nosotros desarrolle su propia automaestria y elijamos que es lo que queremos manifestar dentro de esta nueva energ\u00eda. Estamos recibiendo intensas pulsaciones de Amor y Luz provenientes del gran sol central que nos alinean a frecuencias mucho mas elevadas y a los nuevos c\u00f3digos de luz. Estos C\u00f3digos de Luz no son \u00fanicamente s\u00edmbolos, de hecho, los s\u00edmbolos son solo una gama de la totalidad que representa esta maravillosa nueva energ\u00eda que se manifiesta a si misma en forma de im\u00e1genes, sonidos, sentimientos e informaci\u00f3n. Todo ello orientado a despertar, liberar y sanar nuestras memorias celulares y nuestros cuerpos de Luz.\u00a0<\/span><span lang=\"ES-MX\">Los invito de corazon a que abran su esp\u00edritu y su coraz\u00f3n a la experiencia, atr\u00e9vanse a rendirse al desapego, a despojarse de todo aquello que ya no resuena con su alma y despertarse en un espacio completamente nuevo en el que todo su ser permanezca en alineaci\u00f3n con su Divinidad. <\/span><\/span><\/p>\n<\/div>\n<div style=\"text-align: justify;\"><span style=\"color: #ffffff;\"><span lang=\"ES-MX\">Todos\u00a0 y cada uno de nosotros tenemos el poder y el potencial para despertar nuestra propia divinidad. Todos y cada uno de nosotros somos maestros\u00a0 y alumnos, nuestra escuela es la vida misma. Es momento queridos hermanos de soltarse de todas esas viejas creencias, todas las ataduras y todos los conceptos limitantes.\u00a0<\/span><span lang=\"ES-MX\">Elijan con su coraz\u00f3n que es lo que quieren crear en este nuevo espacio, elijan que es lo que quieren creer, pero siempre, en todo momento h\u00e1ganlo desde su coraz\u00f3n! Vibren con aquello que les haga sentir felices y plenos. El despertar de la conciencia esta aqu\u00ed mismo, solo debemos abrir nuestro coraz\u00f3n, la gran misi\u00f3n que todos tenemos es reencontrarnos con nuestra Divinidad y a trav\u00e9s de ese reencuentro desarrollarnos como seres \u00edntegros y plenos.\u00a0<\/span><\/span><\/p>\n<p><span lang=\"ES-MX\" style=\"color: #ffffff;\">Cada uno de nosotros tiene diferentes facultades, diferentes dones\u00a0 y todos juntos formamos una gran sinfon\u00eda de luz. No busquen su divinidad afuera, b\u00fasquenla siempre en su coraz\u00f3n y desarrollen su conexi\u00f3n a trav\u00e9s de lo que mas amen hacer, as\u00ed sea cultivar flores, pintar, cantar, bailar, meditar, conectarse con cristales, escribiendo, o incluso charlando con sus amigos, todo es parte de la obra de arte que es la vida y nosotros mismos como individuos. <\/span><\/p>\n<\/div>\n<div style=\"text-align: justify;\"><span style=\"color: #ffffff;\"><span lang=\"ES-MX\"><span lang=\"ES-MX\">Ahora es el momento! Todos y cada uno de nosotros elegimos estar aqu\u00ed y ahora en la Madre Tierra y juntos encaminarnos hacia la renovaci\u00f3n. No hay nada que temer. No permitan que nada ni nadie les quite su poder para elegir, ser y hacer. Es momento de ser libres y divinos!<\/span><\/span>\u00a0<\/span><\/p>\n<\/div>\n<div style=\"text-align: justify;\"><\/div>\n<div style=\"text-align: justify;\"><span lang=\"ES-MX\" style=\"color: #ffffff;\">Somos amados y bendecidos infinitamente.<\/span><\/div>\n<div style=\"text-align: justify;\"><\/div>\n<div style=\"text-align: justify;\"><\/div>\n<div style=\"text-align: center;\"><span style=\"color: #ffffff;\"><a style=\"color: #ffffff;\" href=\"http:\/\/3.bp.blogspot.com\/_xJN6RUGp5D0\/S7UGcBtz-iI\/AAAAAAAABLw\/IG5adddRaqE\/s1600\/caminante+del+cielo+ritmico+rojo.jpg\"><img loading=\"lazy\" decoding=\"async\" src=\"http:\/\/3.bp.blogspot.com\/_xJN6RUGp5D0\/S7UGcBtz-iI\/AAAAAAAABLw\/IG5adddRaqE\/s400\/caminante+del+cielo+ritmico+rojo.jpg\" alt=\"\" width=\"400\" height=\"400\" border=\"0\" \/><\/a><\/span><\/div>\n<div style=\"text-align: justify;\"><\/div>\n<div style=\"text-align: justify;\">\n<p><span style=\"color: #ffffff;\">\u00a0El Kin Maya de hoy es Caminante del cielo ritmico rojo.<\/span><\/p>\n<\/div>\n<div style=\"text-align: justify;\">\n<p><span style=\"color: #ffffff;\">Les comparto un mandala que hicimos en cooperacion con Ornai.\u00a0<\/span><\/p>\n<\/div>\n<div style=\"text-align: justify;\"><span lang=\"ES-MX\" style=\"color: #ffffff;\" xml:lang=\"ES-MX\">El mandala representa no a un caminante, si no a todos los caminantes de la vida y el universo. Observen el mandala y notaran que las l\u00edneas azules no son solamente l\u00edneas, son\u00a0 personas danzando, explorando, caminando y<br \/>\ncada una sostiene en su mano un trocito de la tierra con una flor.<\/span><\/div>\n<div style=\"text-align: justify;\"><span lang=\"ES-MX\" style=\"color: #ffffff;\" xml:lang=\"ES-MX\">Creo que todos somos exploradores y nuestra b\u00fasqueda esta unida y entrelazada. Cada uno de nosotros es diferente, pero nuestra finalidad es la misma, crecer, explorar y aprender.<\/span><\/div>\n<p style=\"text-align: justify;\"><span style=\"color: #ffffff;\"><i><span lang=\"ES-MX\" xml:lang=\"ES-MX\">Un abrazo a todos, con Amor, ORNAI y KAI<\/span><\/i><\/span><\/p>\n<div style=\"text-align: justify;\"><\/div>\n","protected":false},"excerpt":{"rendered":"<p>Cambios, movimientos. Movimientos y mas cambios es lo que estamos viviendo en estas ultimas semanas a nivel emocional, f\u00edsico y de conciencia. Estamos siendo impulsados a trav\u00e9s del universo, nos estamos moviendo como colectivo, como Planeta y como individuos hacia una percepci\u00f3n mucho mas elevada y mas clara del Ser. Pero todo ello implica liberar,<\/p>\n","protected":false},"author":1,"featured_media":0,"comment_status":"closed","ping_status":"open","sticky":false,"template":"","format":"standard","meta":{"footnotes":""},"categories":[5],"tags":[],"class_list":["post-1333","post","type-post","status-publish","format-standard","hentry","category-transmisiones-luz"],"_links":{"self":[{"href":"https:\/\/quantumholoforms.com\/kai\/wp-json\/wp\/v2\/posts\/1333","targetHints":{"allow":["GET"]}}],"collection":[{"href":"https:\/\/quantumholoforms.com\/kai\/wp-json\/wp\/v2\/posts"}],"about":[{"href":"https:\/\/quantumholoforms.com\/kai\/wp-json\/wp\/v2\/types\/post"}],"author":[{"embeddable":true,"href":"https:\/\/quantumholoforms.com\/kai\/wp-json\/wp\/v2\/users\/1"}],"replies":[{"embeddable":true,"href":"https:\/\/quantumholoforms.com\/kai\/wp-json\/wp\/v2\/comments?post=1333"}],"version-history":[{"count":2,"href":"https:\/\/quantumholoforms.com\/kai\/wp-json\/wp\/v2\/posts\/1333\/revisions"}],"predecessor-version":[{"id":5323,"href":"https:\/\/quantumholoforms.com\/kai\/wp-json\/wp\/v2\/posts\/1333\/revisions\/5323"}],"wp:attachment":[{"href":"https:\/\/quantumholoforms.com\/kai\/wp-json\/wp\/v2\/media?parent=1333"}],"wp:term":[{"taxonomy":"category","embeddable":true,"href":"https:\/\/quantumholoforms.com\/kai\/wp-json\/wp\/v2\/categories?post=1333"},{"taxonomy":"post_tag","embeddable":true,"href":"https:\/\/quantumholoforms.com\/kai\/wp-json\/wp\/v2\/tags?post=1333"}],"curies":[{"name":"wp","href":"https:\/\/api.w.org\/{rel}","templated":true}]}}