{"id":1325,"date":"2010-08-25T15:32:00","date_gmt":"2010-08-25T15:32:00","guid":{"rendered":"http:\/\/quantumholoforms.com\/kai\/2010\/08\/25\/alineando-nuestra-conciencia-a-las-rejillas-de-unidad\/"},"modified":"2020-02-24T01:10:51","modified_gmt":"2020-02-24T01:10:51","slug":"alineando-nuestra-conciencia-a-las-rejillas-de-unidad","status":"publish","type":"post","link":"https:\/\/quantumholoforms.com\/kai\/alineando-nuestra-conciencia-a-las-rejillas-de-unidad\/","title":{"rendered":"Alineando nuestra conciencia a las Rejillas de Unidad."},"content":{"rendered":"<div style=\"text-align: justify;\"><\/div>\n<div style=\"text-align: justify;\"><span style=\"color: #ffffff;\">El conocimiento de que somos co-creadores de nuestra realidad (conocimiento del campo cu\u00e1ntico). Sumado a nuestra capacidad para sincronizarnos con el Pulso de la Madre Tierra y conocer sus ciclos intuitivamente (sincronizaci\u00f3n con la Rejilla Cristalina), as\u00ed como nuestra capacidad para sincronizarnos al pulso del Sol en conexi\u00f3n con nuestro coraz\u00f3n (sincronizaci\u00f3n con la Rejilla Cristica C\u00f3smica) nos abre las puertas multidimensionales de la Conciencia C\u00f3smica.<\/span><\/div>\n<div style=\"text-align: justify;\"><\/div>\n<table cellspacing=\"0\" cellpadding=\"0\" align=\"center\">\n<tbody>\n<tr>\n<td><span style=\"color: #ffffff;\"><a style=\"color: #ffffff;\" href=\"http:\/\/2.bp.blogspot.com\/_xJN6RUGp5D0\/THU3Gzkr2KI\/AAAAAAAABOI\/7FQYd-yEr_k\/s1600\/gateways.jpg\"><img loading=\"lazy\" decoding=\"async\" src=\"http:\/\/2.bp.blogspot.com\/_xJN6RUGp5D0\/THU3Gzkr2KI\/AAAAAAAABOI\/7FQYd-yEr_k\/s400\/gateways.jpg\" alt=\"\" width=\"400\" height=\"140\" border=\"0\" \/><\/a><\/span><\/td>\n<\/tr>\n<tr>\n<td><span style=\"color: #ffffff;\">Arte por Jean Luc Bozzoli http:\/\/www.jeanlucbozzoli.com\/<\/span><\/td>\n<\/tr>\n<\/tbody>\n<\/table>\n<div style=\"text-align: justify;\"><\/div>\n<div style=\"text-align: justify;\"><\/div>\n<div style=\"text-align: justify;\"><\/div>\n<div style=\"text-align: justify;\"><span style=\"color: #ffffff;\">A menudo nos preguntamos, porque en determinadas zonas del planeta parecieran tener realidades colectivas tan duras? Porque hay tanta disparidad entre las realidades, si todos los seres humanos somos creadores de nuestra realidad? Nos lo preguntamos y las respuestas se escapan en el aire. Y es que, se nos ha hecho creer en el castigo \u201cdivino\u201d, en la consciencia de victimas y sustentados en ello,\u00a0 seguimos creyendo que unos son mas afortunados que otros, sin comprender del todo porque. Quiz\u00e1, sea que resonamos conjuntamente en una misma frecuencia a trav\u00e9s de nuestros pensamientos y emociones, creando realidades colectivas que nos mantienen atados a una frecuencia baja de carencia y aparente soledad y castigo.<\/span><\/div>\n<div style=\"text-align: justify;\"><\/div>\n<div style=\"text-align: justify;\"><\/div>\n<div style=\"text-align: justify;\"><span style=\"color: #ffffff;\">Por ahora, se podr\u00eda decir que el campo cu\u00e1ntico de la realidad colectiva esta en desequilibrio y desajuste con la rejilla natural de la Tierra y en desconexi\u00f3n de la Rejilla Cristica C\u00f3smica. Pues durante siglos hemos continuado co-creando nuestras realidades en base a creencias de muy baja frecuencia como lo son la separaci\u00f3n, carencia, victimismo, competencia, avaricia, castigo etc etc, creencias propias de la frecuencia reptiliana del miedo. Y de esa forma, al vibrar en el miedo y no en Amor, nos es pr\u00e1cticamente imposible acceder a las Rejillas Cristalinas. Pues tanto la Rejilla Cristalina de la Madre Tierra como la Rejilla Cristica C\u00f3smica resuenan en profundo Amor y solo podemos sincronizarnos a ellas cuando abrimos nuestro coraz\u00f3n y nos permitimos sentir profundo Amor hacia toda la Vida, en todas partes, esa es la Conciencia Cet\u00e1cea del Amor.<\/span><\/div>\n<div style=\"text-align: justify;\"><\/div>\n<div style=\"text-align: justify;\"><\/div>\n<div style=\"text-align: justify;\"><span style=\"color: #ffffff;\">El Amor lo es todo, al sentir Amor puro y cristalino desde nuestro Coraz\u00f3n, accedemos a la conciencia de Unidad y nos sincronizamos naturalmente a las Rejilla Cristalinas y de esa forma, se abre ante nosotros el Portal de la Conciencia C\u00f3smica de Unidad.<\/span><\/div>\n<div style=\"text-align: justify;\"><\/div>\n<div style=\"text-align: justify;\"><\/div>\n<div style=\"text-align: justify;\"><span style=\"color: #ffffff;\">La familia cet\u00e1cea de Luz nos comunica este conocimiento y es por ello que durante todo este periodo en que el Ser Humano se ha alejado cada vez mas de la comuni\u00f3n con la Tierra y los Elementos, los Amados Cet\u00e1ceos se han encargado de mantener el orden y el flujo de informaci\u00f3n en las rejillas, cuidando el banco de informaci\u00f3n que fluye a trav\u00e9s de las Aguas y los cristales del Planeta. Su trabajo ha sido sostenido desde el mas puro Amor, a la espera de que los Seres Humanos abramos nuestro coraz\u00f3n y despertemos al Amor, para co-crear y cuidar nuestro Planeta juntos. Despertar nuestras memorias y hacernos conscientes de la Conciencia C\u00f3smica y de la Gran hermandad de Luz Gal\u00e1ctica.<\/span><\/div>\n<div style=\"text-align: justify;\"><\/div>\n<div style=\"text-align: justify;\"><\/div>\n<div style=\"text-align: justify;\"><span style=\"color: #ffffff;\">Es momento de Unir nuestras voluntades como Familia Humana de Luz y juntos, con ayuda de los Cet\u00e1ceos despertar nuestro ADN ancestral C\u00f3smico!<\/span><\/div>\n<div style=\"text-align: justify;\"><\/div>\n<div style=\"text-align: justify;\"><\/div>\n<div style=\"text-align: justify;\"><span style=\"color: #ffffff;\"><b>Que podemos hacer para ayudarnos en este proceso de Despertar Gal\u00e1ctico? <\/b><\/span><\/div>\n<div style=\"text-align: justify;\"><\/div>\n<div style=\"text-align: justify;\"><\/div>\n<div style=\"text-align: justify;\"><span style=\"color: #ffffff;\">Primeramente, debemos hacernos conscientes de nuestra realidad. De nuestros pensamientos, pero mas importante, de nuestros SENTIMIENTOS. Porque? Porque eso nos ayudara a transformar nuestro propio campo cu\u00e1ntico y con ello, podremos elevar nuestra frecuencia hacia el Amor de las Rejillas Cristalinas.<\/span><\/div>\n<div style=\"text-align: justify;\"><\/div>\n<div style=\"text-align: justify;\"><\/div>\n<div style=\"text-align: justify;\"><span style=\"color: #ffffff;\">Es sencillo. <b>El AMOR<\/b>, la <b>ALEGRIA<\/b> y la <b>Sencillez<\/b> es la clave. Simple. Haz que tu vida sea simple. No te compliques demasiado, juega, r\u00ede, seamos como ni\u00f1os.\u00a0<\/span><\/div>\n<div style=\"text-align: justify;\"><\/div>\n<div style=\"text-align: justify;\"><\/div>\n<div style=\"text-align: justify;\"><\/div>\n<div style=\"text-align: justify;\"><\/div>\n<div style=\"text-align: justify;\"><span style=\"color: #ffffff;\">Ahora, hazte la siguiente pregunta y resp\u00f3ndete con honestidad.\u00a0<\/span><\/div>\n<div style=\"text-align: justify;\"><\/div>\n<div style=\"text-align: justify;\"><\/div>\n<div style=\"text-align: justify;\"><\/div>\n<div style=\"text-align: justify;\"><\/div>\n<div style=\"text-align: justify;\"><span style=\"color: #ffffff;\"><b>Que sentimientos estoy albergando la mayor parte del tiempo: Alegr\u00eda y AMOR o Carencia y soledad? <\/b><\/span><\/div>\n<div style=\"text-align: justify;\"><\/div>\n<div style=\"text-align: justify;\"><\/div>\n<div style=\"text-align: justify;\"><span style=\"color: #ffffff;\">*tomemos en cuenta que la carencia no es \u00fanicamente escasez, si no tambi\u00e9n celos, temor, avaricia etc etc.*<\/span><\/div>\n<div style=\"text-align: justify;\"><\/div>\n<div style=\"text-align: justify;\"><\/div>\n<div style=\"text-align: justify;\"><span style=\"color: #ffffff;\">Si tu respuesta es Alegr\u00eda y AMOR. Bien! Estas en el camino correcto, vibrando desde tu coraz\u00f3n.<\/span><\/div>\n<div style=\"text-align: justify;\"><\/div>\n<div style=\"text-align: justify;\"><\/div>\n<div style=\"text-align: justify;\"><span style=\"color: #ffffff;\">Si tu respuesta es Carencia y soledad. Es momento de trabajar en alinearte y transformar esas creencias que te mantienen en esa frecuencia.<\/span><\/div>\n<div style=\"text-align: justify;\"><\/div>\n<div style=\"text-align: justify;\"><\/div>\n<div style=\"text-align: justify;\"><span style=\"color: #ffffff;\">Lo importante es no <i>luchar\u00a0 <\/i>en contra de esos sentimientos. Tampoco sentirse mal por estar resonando en esa frecuencia. Lo primordial en este momento es <b>alinearse<\/b> y para ello, lo mejor es enfocarnos justamente en el sentimiento opuesto al sentimiento negativo en el que estemos resonando, suavemente, sin lucha ni esfuerzo, sin caer en el auto castigo y el reproche.<\/span><\/div>\n<div style=\"text-align: justify;\"><\/div>\n<div style=\"text-align: justify;\"><\/div>\n<div style=\"text-align: justify;\"><span style=\"color: #ffffff;\">Por ejemplo, si tu frecuencia esta enfocada en la tristeza o depresi\u00f3n, entonces, enf\u00f3cate en la Alegr\u00eda, pasa tiempo con tus ni\u00f1os(a), mascotas, observa fotograf\u00edas de delfines o mira tu pel\u00edcula de comedia favorita. R\u00ede y procura que tu risa sane tus emociones y las enfoque en la frecuencia correcta.<\/span><\/div>\n<div style=\"text-align: justify;\"><\/div>\n<div style=\"text-align: justify;\"><\/div>\n<div style=\"text-align: justify;\"><span style=\"color: #ffffff;\">Si tu frecuencia esta enfocada en enfermedad, entonces enf\u00f3cate en la Salud. Recuerda como te sent\u00edas cuando estabas con salud. Piensa que la salud es perfecci\u00f3n y la perfecci\u00f3n corresponde a la Divinidad, ahora, hazte consciente con todo tu Ser de que TU ERES UN SER DIVINO y permite que ese conocimiento te llene por completo, imagina que todo tu cuerpo se llena de Luz y decreta: YO SOY SALUD, YO SOY VIDA.<\/span><\/div>\n<div style=\"text-align: justify;\"><\/div>\n<div style=\"text-align: justify;\"><\/div>\n<div style=\"text-align: justify;\"><span style=\"color: #ffffff;\">Si tu frecuencia esta resonando en carencia (celos, amargura, envidia)\u00a0 y soledad. Significa que estas vibrando en separaci\u00f3n. Entonces, haz el siguiente ejercicio:<\/span><\/div>\n<div style=\"text-align: justify;\"><\/div>\n<div style=\"text-align: justify;\"><\/div>\n<div style=\"text-align: justify;\"><span style=\"color: #ffffff;\">Todos los d\u00edas, al salir a la calle e interactuar con el mundo, hazte consciente de que cada persona que se atraviese en tu camino es un Ser Divino. Hazte consciente de ello, trata de sentirlo con todo tu Ser. El compa\u00f1ero de trabajo con el que nunca te pones de acuerdo, es Dios. La dependienta de la tienda donde compras tu almuerzo, es Diosa. Todos, cada persona, sin importar si tu las juzgas como \u201cbuenas\u201d o \u201cmalas\u201d son individualizaciones de Dios-Diosa, al igual que Tu y Yo. TODOS SOMOS UNO! Y entonces, perm\u00edtete ver mas all\u00e1 de tus juicios y enviarles un sentimiento de Amor y compasi\u00f3n a su coraz\u00f3n. De esa forma tu coraz\u00f3n se expandir\u00e1 y te alineara a la Frecuencia de Unidad.<\/span><\/div>\n<div style=\"text-align: justify;\"><\/div>\n<div style=\"text-align: justify;\"><\/div>\n<div style=\"text-align: justify;\"><span style=\"color: #ffffff;\">Y asi, al transformar nuestro campo cu\u00e1ntico mediante la Alineaci\u00f3n de nuestros sentimientos, estaremos atravesando el velo del olvido y la dualidad. Nuestras viejas creencias se derrumban una a una, pues no encuentran ning\u00fan punto de donde asirse para permanecer en pie, nuestra consciencia se ha transformado, resonamos en un nuevo paradigma \u00a0y \u00a0autom\u00e1ticamente, sin lucha alguna estaremos entrando en la frecuencia de Unidad, sintoniz\u00e1ndonos con todo nuestro Ser a las Rejillas Cristalinas de la Tierra y del Cosmos, para despertar nuestras memorias ancestrales.<\/span><\/div>\n<div style=\"text-align: justify;\"><\/div>\n<div style=\"text-align: justify;\"><\/div>\n<div style=\"text-align: justify;\"><span style=\"color: #ffffff;\">La memoria de lo que siempre hemos sido, permanece latente, inalterada en el fondo de nuestro coraz\u00f3n. Detr\u00e1s de nuestras creencias y miedos.<\/span><\/div>\n<div style=\"text-align: justify;\"><\/div>\n<div style=\"text-align: justify;\"><\/div>\n<div style=\"text-align: justify;\"><span style=\"color: #ffffff;\">Atravesemos el velo juntos, retomemos nuestra misi\u00f3n como guardianes de la Madre Tierra despertando nuestra conciencia C\u00f3smica guiados por la Amada Familia Cet\u00e1cea. Las Rejillas de Unidad nos esperan!<\/span><\/div>\n<div style=\"text-align: justify;\"><\/div>\n<div style=\"text-align: justify;\"><\/div>\n<div style=\"text-align: justify;\"><\/div>\n<div style=\"text-align: justify;\"><\/div>\n<div style=\"text-align: justify;\"><\/div>\n<div style=\"text-align: justify;\"><span style=\"color: #ffffff;\">Somos bendecidos en Amor y Alegr\u00eda, siempre!<\/span><\/div>\n","protected":false},"excerpt":{"rendered":"<p>El conocimiento de que somos co-creadores de nuestra realidad (conocimiento del campo cu\u00e1ntico). Sumado a nuestra capacidad para sincronizarnos con el Pulso de la Madre Tierra y conocer sus ciclos intuitivamente (sincronizaci\u00f3n con la Rejilla Cristalina), as\u00ed como nuestra capacidad para sincronizarnos al pulso del Sol en conexi\u00f3n con nuestro coraz\u00f3n (sincronizaci\u00f3n con la Rejilla<\/p>\n","protected":false},"author":1,"featured_media":0,"comment_status":"closed","ping_status":"open","sticky":false,"template":"","format":"standard","meta":{"footnotes":""},"categories":[5],"tags":[],"class_list":["post-1325","post","type-post","status-publish","format-standard","hentry","category-transmisiones-luz"],"_links":{"self":[{"href":"https:\/\/quantumholoforms.com\/kai\/wp-json\/wp\/v2\/posts\/1325","targetHints":{"allow":["GET"]}}],"collection":[{"href":"https:\/\/quantumholoforms.com\/kai\/wp-json\/wp\/v2\/posts"}],"about":[{"href":"https:\/\/quantumholoforms.com\/kai\/wp-json\/wp\/v2\/types\/post"}],"author":[{"embeddable":true,"href":"https:\/\/quantumholoforms.com\/kai\/wp-json\/wp\/v2\/users\/1"}],"replies":[{"embeddable":true,"href":"https:\/\/quantumholoforms.com\/kai\/wp-json\/wp\/v2\/comments?post=1325"}],"version-history":[{"count":2,"href":"https:\/\/quantumholoforms.com\/kai\/wp-json\/wp\/v2\/posts\/1325\/revisions"}],"predecessor-version":[{"id":5319,"href":"https:\/\/quantumholoforms.com\/kai\/wp-json\/wp\/v2\/posts\/1325\/revisions\/5319"}],"wp:attachment":[{"href":"https:\/\/quantumholoforms.com\/kai\/wp-json\/wp\/v2\/media?parent=1325"}],"wp:term":[{"taxonomy":"category","embeddable":true,"href":"https:\/\/quantumholoforms.com\/kai\/wp-json\/wp\/v2\/categories?post=1325"},{"taxonomy":"post_tag","embeddable":true,"href":"https:\/\/quantumholoforms.com\/kai\/wp-json\/wp\/v2\/tags?post=1325"}],"curies":[{"name":"wp","href":"https:\/\/api.w.org\/{rel}","templated":true}]}}