{"id":1324,"date":"2010-08-25T15:39:00","date_gmt":"2010-08-25T15:39:00","guid":{"rendered":"http:\/\/quantumholoforms.com\/kai\/2010\/08\/25\/las-rejillas-de-la-tierra-y-los-registros-del-agua\/"},"modified":"2020-02-24T01:10:38","modified_gmt":"2020-02-24T01:10:38","slug":"las-rejillas-de-la-tierra-y-los-registros-del-agua","status":"publish","type":"post","link":"https:\/\/quantumholoforms.com\/kai\/las-rejillas-de-la-tierra-y-los-registros-del-agua\/","title":{"rendered":"Las Rejillas de la Tierra y los registros del Agua"},"content":{"rendered":"<div style=\"text-align: justify;\"><\/div>\n<div style=\"text-align: justify;\"><\/div>\n<div style=\"text-align: justify;\"><\/div>\n<div style=\"text-align: justify;\"><span style=\"color: #ffffff;\">El pensamiento es electricidad. El sentimiento y las emociones son Agua, y al entrar en conexi\u00f3n y contacto mutuamente en nuestro interior, se crea una frecuencia que es transmitida a trav\u00e9s del aire y el \u00e9ter hacia todo lo que nos rodea y mas all\u00e1. Esta frecuencia se mueve, se expande y crece a medida que se encuentra con frecuencias similares en su camino, pues nuestro propio campo cu\u00e1ntico hologr\u00e1fico esta interconectado y enlazado con \u00a0todos los campos que nos rodean y que resuenan en la misma frecuencia que nosotros. De esa forma, juntos co-creamos nuestras realidades, consciente o inconscientemente.<\/span><\/div>\n<div style=\"text-align: justify;\"><\/div>\n<div style=\"text-align: justify;\"><\/div>\n<div style=\"text-align: justify;\"><span style=\"color: #ffffff;\">Todos conocemos la capacidad conductiva que tiene el agua al mezclarse con la Electricidad. Nuestra mente y emociones act\u00faan de la misma manera que la electricidad y el Agua. Al fundirse como uno, nuestras emociones (Agua) conducen r\u00e1pidamente nuestros pensamientos (Electricidad) d\u00e1ndoles forma en la realidad que nos rodea, creando con ello nuestra propia frecuencia y la frecuencia de nuestra realidad. Mientras mas fuerte sea nuestro sentimiento hacia determinado pensamiento, mas r\u00e1pido ser\u00e1 conducido a trav\u00e9s de nuestro campo cu\u00e1ntico d\u00e1ndole forma a nuestra realidad.<\/span><\/div>\n<div style=\"text-align: justify;\"><\/div>\n<div style=\"text-align: justify;\"><\/div>\n<div style=\"text-align: justify;\"><span style=\"color: #ffffff;\">El Ser Humano es Agua. Somos seres emocionales y son nuestras emociones las que regulan y dan forma a nuestra realidad. Por ello es tan importante que seamos conscientes de las emociones que sostenemos en nuestro Ser. El pensamiento por si mismo no puede hacer gran cosa, es cuando este se mezcla con las emociones que toma una fuerza realmente poderosa y entonces es conducido a trav\u00e9s de nuestro propio campo cu\u00e1ntico\u00a0 a trav\u00e9s del campo cu\u00e1ntico de la Tierra, atrayendo hacia nosotros realidades, eventos y circunstancias que resuenan con la frecuencia emitida. Esto nos ayuda a comprender porque hay tanta disparidad entre las realidades de las diferentes comunidades del Planeta, juntos resonamos en una misma frecuencia sostenida por nuestras creencias, ya sea de pobreza, riqueza, competencia o unidad. No es el destino, somos Nosotros quienes sostenemos nuestra realidad.\u00a0<\/span><\/div>\n<div style=\"text-align: justify;\"><\/div>\n<div style=\"text-align: justify;\"><\/div>\n<div style=\"text-align: justify;\"><span style=\"color: #ffffff;\">Esto es algo que ya sabemos, pero no siempre somos conscientes, ni constantes en su aplicaci\u00f3n. Si queremos transformar nuestra realidad colectiva, primero debemos transformar nuestras creencias y alinear nuestra frecuencia.<\/span><\/div>\n<div style=\"text-align: justify;\"><\/div>\n<div style=\"text-align: justify;\"><\/div>\n<div style=\"text-align: justify;\"><span style=\"color: #ffffff;\">Nuestro campo cu\u00e1ntico y el campo cu\u00e1ntico de la Tierra esta creado por una fina estructura cristalina cuya base fundamental es el Agua. Este campo energ\u00e9tico esta integrado a la rejilla cristalina\u00a0 de la madre Tierra \u00a0aquella que regula la vida y los ciclos de la naturaleza (cuya base es tambi\u00e9n Agua y Cristal Liquido), As\u00ed mismo, La Rejilla Cristalina de la Tierra esta integrada a la Rejilla Cristica C\u00f3smica, y en conjunto, le dan forma a la realidad colectiva de todo el planeta. En matem\u00e1ticas esto se explica con el termino A es a B lo que B es a C. Suena complicado? ve\u00e1moslo con mas detalle.<\/span><\/div>\n<div style=\"text-align: justify;\"><\/div>\n<div style=\"text-align: justify;\"><\/div>\n<div style=\"text-align: justify;\"><span style=\"color: #ffffff;\">\u00b7\u00a0\u00a0\u00a0\u00a0\u00a0\u00a0\u00a0\u00a0 <b>Campo Cu\u00e1ntico<\/b>. Es la red de informaci\u00f3n tanto personal como colectiva, que conduce la frecuencia que emitimos como individuos. Es el encargado de crear nuestras realidades personales y sostenerlas en conjunto con las realidades de las dem\u00e1s personas. Se transforma constantemente de acuerdo a la renovaci\u00f3n y transformaci\u00f3n de nuestros pensamientos y sentimientos, ya sea individual o colectivamente.\u00a0<\/span><\/div>\n<div style=\"text-align: justify;\"><\/div>\n<div style=\"text-align: justify;\"><\/div>\n<div style=\"text-align: justify;\"><\/div>\n<div style=\"text-align: justify;\"><span style=\"color: #ffffff;\">\u00b7\u00a0\u00a0\u00a0\u00a0\u00a0\u00a0\u00a0\u00a0 <b>Rejilla Cristalina De la Tierra<\/b>. Es la red de informaci\u00f3n que sostiene los ritmos de la vida de todas las especies. Su base es de Cristal Liquido y permanece en conexi\u00f3n\u00a0 y anclaje con las Aguas de todo el Planeta, guarda y custodia la informaci\u00f3n de la historia c\u00f3smica de la Madre Tierra. Todos los seres vivos, minerales, cristales, animales, plantas y por supuesto, el agua, est\u00e1n interconectados por esta rejilla, as\u00ed como aquellos seres humanos que vibrando desde el coraz\u00f3n\u00a0 se alinean al pulso Sagrado de la Madre Tierra (los Nativos de cada tribu del Planeta) de esa forma son conscientes de los ciclos y flujos de la Madre y pueden vivir en Armon\u00eda, como UNO con la Madre Tierra.<\/span><\/div>\n<div style=\"text-align: justify;\"><\/div>\n<div style=\"text-align: justify;\"><\/div>\n<div style=\"text-align: justify;\"><\/div>\n<div style=\"text-align: justify;\"><\/div>\n<div style=\"text-align: justify;\"><\/div>\n<div style=\"text-align: justify;\"><span style=\"color: #ffffff;\">Los animales, por ejemplo, saben cuando deben migrar, conocen el ritmo de las estaciones y todo ello sin seguir ning\u00fan calendario! simplemente reciben informaci\u00f3n desde la Rejilla Cristalina para guiarse en cada proceso de Vida.<\/span><\/div>\n<div style=\"text-align: justify;\"><\/div>\n<div style=\"text-align: justify;\"><\/div>\n<div style=\"text-align: justify;\"><\/div>\n<div style=\"text-align: justify;\"><\/div>\n<div style=\"text-align: justify;\"><\/div>\n<div style=\"text-align: justify;\"><span style=\"color: #ffffff;\">\u00b7\u00a0\u00a0\u00a0\u00a0\u00a0\u00a0\u00a0\u00a0 <b>Rejilla Cristica C\u00f3smica<\/b>. Es la rejilla de la\u00a0 conciencia de Unidad y Amor a la que estamos accediendo a medida que la nueva energ\u00eda ingresa al planeta. Su base es cristal l\u00edquido y transmite en comuni\u00f3n con la Rejilla Cristalina la informaci\u00f3n de la historia c\u00f3smica del Universo, ancl\u00e1ndola profundamente en las Aguas y cristales del Planeta . Los Cet\u00e1ceos se han encargado de mantenerla en conexi\u00f3n con la Rejilla Cristalina, esperando el momento en que los Seres Humanos salgamos de la consciencia de separaci\u00f3n y entremos en la conciencia de Unidad y de esa forma despertar nuestra conciencia c\u00f3smica para vivir y co-crear en Armon\u00eda con todo lo que nos rodea una hermosa realidad colectiva de Unidad, tomando nuestro rol de guardianes c\u00f3smicos de la Tierra, para ingresar a la conciencia C\u00f3smica.<\/span><\/div>\n<div style=\"text-align: justify;\"><\/div>\n<div style=\"text-align: justify;\"><\/div>\n<div style=\"text-align: justify;\"><\/div>\n<div style=\"text-align: justify;\"><\/div>\n<div style=\"text-align: justify;\"><\/div>\n<div style=\"text-align: justify;\"><span style=\"color: #ffffff;\">Un ejemplo de esta Conciencia C\u00f3smica fueron los Mayas, ellos conoc\u00edan los ciclos y flujos del Universo y todo ello sin tener la tecnolog\u00eda que existe hoy. Ellos permanec\u00edan en comuni\u00f3n con la Rejilla C\u00f3smica y de esa forma recib\u00edan la informaci\u00f3n para calcular con exactitud los movimientos que realizamos en el Espacio-Tiempo. Y as\u00ed como ellos, muchas otras tribus ten\u00edan refinados conocimientos del cosmos, aun mas precisos que los que hoy podemos tener con tanta tecnolog\u00eda.<\/span><\/div>\n<div style=\"text-align: justify;\"><\/div>\n<div style=\"text-align: center;\"><span style=\"color: #ffffff;\"><a style=\"color: #ffffff;\" href=\"http:\/\/4.bp.blogspot.com\/_xJN6RUGp5D0\/THU4i5dFxVI\/AAAAAAAABOQ\/T5U-r-mo1mw\/s1600\/CETACEAN.RAINBOW.jpg\"><img loading=\"lazy\" decoding=\"async\" src=\"http:\/\/4.bp.blogspot.com\/_xJN6RUGp5D0\/THU4i5dFxVI\/AAAAAAAABOQ\/T5U-r-mo1mw\/s400\/CETACEAN.RAINBOW.jpg\" alt=\"\" width=\"400\" height=\"287\" border=\"0\" \/><\/a><\/span><\/div>\n<div style=\"text-align: center;\"><\/div>\n<div style=\"text-align: justify;\"><span style=\"color: #ffffff;\">\u00a0imagen que muestra la forma en que los Cetaceos reciben las transmisiones de Luz cosmica y las canalizan hacia las Rejillas de la Tierra<\/span><\/div>\n<div style=\"text-align: justify;\"><span style=\"color: #ffffff;\">Arte por <\/span><\/div>\n<div style=\"text-align: justify;\"><span style=\"color: #ffffff;\"><a style=\"color: #ffffff;\" href=\"http:\/\/dolphinmatrix.com\/Jeff\/index.html%20\">Jeff Phillps<\/a><\/span><\/div>\n<div style=\"text-align: justify;\"><\/div>\n<div style=\"text-align: justify;\"><\/div>\n<div style=\"text-align: justify;\"><\/div>\n<div style=\"text-align: justify;\"><\/div>\n<div style=\"text-align: justify;\"><\/div>\n<div style=\"text-align: justify;\"><span style=\"color: #ffffff;\">Al transformar nuestro campo cu\u00e1ntico, mediante la transformaci\u00f3n de nuestras viejas creencias basadas en la consciencia del miedo, naturalmente \u00a0alineamos nuestra conciencia a las Rejillas de Unidad y nos transformamos en Seres con Conciencia C\u00f3smica. \u00a0Es lo que algunos llaman \u201csalir de la Matrix\u201d<\/span><\/div>\n","protected":false},"excerpt":{"rendered":"<p>El pensamiento es electricidad. El sentimiento y las emociones son Agua, y al entrar en conexi\u00f3n y contacto mutuamente en nuestro interior, se crea una frecuencia que es transmitida a trav\u00e9s del aire y el \u00e9ter hacia todo lo que nos rodea y mas all\u00e1. Esta frecuencia se mueve, se expande y crece a medida<\/p>\n","protected":false},"author":1,"featured_media":0,"comment_status":"closed","ping_status":"open","sticky":false,"template":"","format":"standard","meta":{"footnotes":""},"categories":[5],"tags":[],"class_list":["post-1324","post","type-post","status-publish","format-standard","hentry","category-transmisiones-luz"],"_links":{"self":[{"href":"https:\/\/quantumholoforms.com\/kai\/wp-json\/wp\/v2\/posts\/1324","targetHints":{"allow":["GET"]}}],"collection":[{"href":"https:\/\/quantumholoforms.com\/kai\/wp-json\/wp\/v2\/posts"}],"about":[{"href":"https:\/\/quantumholoforms.com\/kai\/wp-json\/wp\/v2\/types\/post"}],"author":[{"embeddable":true,"href":"https:\/\/quantumholoforms.com\/kai\/wp-json\/wp\/v2\/users\/1"}],"replies":[{"embeddable":true,"href":"https:\/\/quantumholoforms.com\/kai\/wp-json\/wp\/v2\/comments?post=1324"}],"version-history":[{"count":2,"href":"https:\/\/quantumholoforms.com\/kai\/wp-json\/wp\/v2\/posts\/1324\/revisions"}],"predecessor-version":[{"id":5318,"href":"https:\/\/quantumholoforms.com\/kai\/wp-json\/wp\/v2\/posts\/1324\/revisions\/5318"}],"wp:attachment":[{"href":"https:\/\/quantumholoforms.com\/kai\/wp-json\/wp\/v2\/media?parent=1324"}],"wp:term":[{"taxonomy":"category","embeddable":true,"href":"https:\/\/quantumholoforms.com\/kai\/wp-json\/wp\/v2\/categories?post=1324"},{"taxonomy":"post_tag","embeddable":true,"href":"https:\/\/quantumholoforms.com\/kai\/wp-json\/wp\/v2\/tags?post=1324"}],"curies":[{"name":"wp","href":"https:\/\/api.w.org\/{rel}","templated":true}]}}